{"id":312,"date":"2020-07-25T12:00:28","date_gmt":"2020-07-25T10:00:28","guid":{"rendered":"http:\/\/bladeblog.klinges.de\/?p=312"},"modified":"2020-09-21T19:56:04","modified_gmt":"2020-09-21T17:56:04","slug":"lernhaeppchen-und-mehr-wie-koennen-wir-fortbildungen-realisieren-die-zu-uns-passen-und-wirksam-sind","status":"publish","type":"post","link":"http:\/\/bladeblog.klinges.de\/?p=312","title":{"rendered":"\u201eLernh\u00e4ppchen und mehr\u201c &#8211; Wie k\u00f6nnen wir Fortbildungen realisieren, die zu uns passen und wirksam sind?"},"content":{"rendered":"\n<pre class=\"wp-block-preformatted\">Ein Angebot zum digitalen Fachtag in Paderborn am 22.09.20.<\/pre>\n\n\n\n<p>Das Fortbildungsangebot h\u00e4ngt nicht erst seit Corona den Anforderungen an zeitgem\u00e4\u00dfe Bildung hinterher. Hinzu kommen starre Konzepte von p\u00e4dagogischen Tagen etc., die h\u00e4ufig wenig Tiefenwirkung erzielen und kaum nachhaltig sind.&nbsp;<\/p>\n\n\n\n<p>Ich m\u00f6chte Ihnen gerne zeigen, was wir seit etwa zwei Jahren mit unserer Mikrofortbildungsreihe \u201eLernh\u00e4ppchen\u201c ausprobieren und welche neuen Wege der schulinternen Lehrerfortbildung wir in Zukunft gehen wollen. Diskutieren sie doch mit und lassen sie uns in einen Austausch nachhaltiger Fortbildungformate treten.<\/p>\n\n\n\n<figure class=\"wp-block-embed is-type-video is-provider-prezi-com\"><div class=\"wp-block-embed__wrapper\">\n<div class=\"iframely-embed\"><div class=\"iframely-responsive\" style=\"padding-bottom: 56.25%; padding-top: 120px;\"><a href=\"https:\/\/prezi.com\/v\/0pm-jaltp9os\/fortbildungsformate\/\" data-iframely-url=\"\/\/cdn.iframe.ly\/vkx3hog?maxheight=990\"><\/a><\/div><\/div><script async src=\"\/\/cdn.iframe.ly\/embed.js\" charset=\"utf-8\"><\/script>\n<\/div><figcaption>kurzer Videobeitrag zu unseren Fortbildungsformaten an der GeSa <\/figcaption><\/figure>\n\n\n\n<p>In dieser Pr\u00e4sentation stelle ich die Strategie kurz vor. Die Prezi wird sich in den n\u00e4chsten Wochen\/Monaten sicher noch erweitern.<\/p>\n\n\n\n<figure class=\"wp-block-embed is-type-rich is-provider-prezi-com\"><div class=\"wp-block-embed__wrapper\">\n<div style=\"left: 0; width: 100%; height: 0; position: relative; padding-bottom: 56.25%; padding-top: 35px;\"><iframe title=\"Agile Fortbildung\" src=\"https:\/\/prezi.com\/view\/oLTj6ps6HGyAsjafNL0X\/embed\" style=\"border: 0; top: 0; left: 0; width: 100%; height: 100%; position: absolute;\" allowfullscreen scrolling=\"no\" allow=\"encrypted-media\"><\/iframe><\/div>\n<\/div><\/figure>\n\n<div class=\"twitter-share\"><a href=\"https:\/\/twitter.com\/intent\/tweet\" class=\"twitter-share-button\">Twittern<\/a><\/div>\n","protected":false},"excerpt":{"rendered":"<p>Ein Angebot zum digitalen Fachtag in Paderborn am 22.09.20. Das Fortbildungsangebot h\u00e4ngt nicht erst seit Corona den Anforderungen an zeitgem\u00e4\u00dfe Bildung hinterher. Hinzu kommen starre Konzepte von p\u00e4dagogischen Tagen etc., die h\u00e4ufig wenig Tiefenwirkung erzielen und kaum nachhaltig sind.&nbsp; Ich m\u00f6chte Ihnen gerne zeigen, was wir seit etwa zwei Jahren mit unserer Mikrofortbildungsreihe \u201eLernh\u00e4ppchen\u201c ausprobieren &hellip; <a href=\"http:\/\/bladeblog.klinges.de\/?p=312\" class=\"more-link\"><span class=\"screen-reader-text\">\u201eLernh\u00e4ppchen und mehr\u201c &#8211; Wie k\u00f6nnen wir Fortbildungen realisieren, die zu uns passen und wirksam sind?<\/span> weiterlesen<\/a><\/p>\n","protected":false},"author":1,"featured_media":0,"comment_status":"open","ping_status":"open","sticky":false,"template":"","format":"standard","meta":{"footnotes":""},"categories":[6,10,13,3],"tags":[],"_links":{"self":[{"href":"http:\/\/bladeblog.klinges.de\/index.php?rest_route=\/wp\/v2\/posts\/312"}],"collection":[{"href":"http:\/\/bladeblog.klinges.de\/index.php?rest_route=\/wp\/v2\/posts"}],"about":[{"href":"http:\/\/bladeblog.klinges.de\/index.php?rest_route=\/wp\/v2\/types\/post"}],"author":[{"embeddable":true,"href":"http:\/\/bladeblog.klinges.de\/index.php?rest_route=\/wp\/v2\/users\/1"}],"replies":[{"embeddable":true,"href":"http:\/\/bladeblog.klinges.de\/index.php?rest_route=%2Fwp%2Fv2%2Fcomments&post=312"}],"version-history":[{"count":3,"href":"http:\/\/bladeblog.klinges.de\/index.php?rest_route=\/wp\/v2\/posts\/312\/revisions"}],"predecessor-version":[{"id":320,"href":"http:\/\/bladeblog.klinges.de\/index.php?rest_route=\/wp\/v2\/posts\/312\/revisions\/320"}],"wp:attachment":[{"href":"http:\/\/bladeblog.klinges.de\/index.php?rest_route=%2Fwp%2Fv2%2Fmedia&parent=312"}],"wp:term":[{"taxonomy":"category","embeddable":true,"href":"http:\/\/bladeblog.klinges.de\/index.php?rest_route=%2Fwp%2Fv2%2Fcategories&post=312"},{"taxonomy":"post_tag","embeddable":true,"href":"http:\/\/bladeblog.klinges.de\/index.php?rest_route=%2Fwp%2Fv2%2Ftags&post=312"}],"curies":[{"name":"wp","href":"https:\/\/api.w.org\/{rel}","templated":true}]}}