{"id":280,"date":"2020-02-29T17:17:42","date_gmt":"2020-02-29T16:17:42","guid":{"rendered":"http:\/\/bladeblog.klinges.de\/?p=280"},"modified":"2020-02-29T17:17:43","modified_gmt":"2020-02-29T16:17:43","slug":"vortrag-lernraeume-gestalten-digitales-nutzen","status":"publish","type":"post","link":"http:\/\/bladeblog.klinges.de\/?p=280","title":{"rendered":"Vortrag &#8222;Lernr\u00e4ume gestalten &#8211; Digitales nutzen&#8220;"},"content":{"rendered":"<p>Am 26.02.2020 durfte ich an meiner alten Ausbildungsschule zum Start in den Fortbildungstag einen Vortrag halten, wie wir an der GeSa Lernr\u00e4ume gestalten und Digitales nutzen, um zeitgem\u00e4\u00dfes Lernen zu erm\u00f6glichen. Vielleicht kann das Goerdeler-Gymnasium den Impuls f\u00fcr die Schulentwicklung nutzen&#8230;w\u00fcrde mich freuen!<\/p>\n<p><a href=\"https:\/\/prezi.com\/view\/W7LrblbcOXhLuAiiQLzn\/\" target=\"_blank\" rel=\"noopener noreferrer\">Prezi Lernr\u00e4ume<\/a><\/p>\n\n<div class=\"twitter-share\"><a href=\"https:\/\/twitter.com\/intent\/tweet?text=Diese%20Woche%20durfte%20ich%20an%20meiner%20alten%20Ausbildungsschule%20in%20den%20Fortbildungstag%20einf%C3%BChren.&#038;hashtags=twitterlehrerzimmer%20%23zeitgem%C3%A4%C3%9Feslernen\" class=\"twitter-share-button\">Twittern<\/a><\/div>\n","protected":false},"excerpt":{"rendered":"<p>Am 26.02.2020 durfte ich an meiner alten Ausbildungsschule zum Start in den Fortbildungstag einen Vortrag halten, wie wir an der GeSa Lernr\u00e4ume gestalten und Digitales nutzen, um zeitgem\u00e4\u00dfes Lernen zu erm\u00f6glichen. Vielleicht kann das Goerdeler-Gymnasium den Impuls f\u00fcr die Schulentwicklung nutzen&#8230;w\u00fcrde mich freuen! Prezi Lernr\u00e4ume<\/p>\n","protected":false},"author":1,"featured_media":282,"comment_status":"open","ping_status":"open","sticky":false,"template":"","format":"standard","meta":{"footnotes":""},"categories":[10,13,1],"tags":[],"_links":{"self":[{"href":"http:\/\/bladeblog.klinges.de\/index.php?rest_route=\/wp\/v2\/posts\/280"}],"collection":[{"href":"http:\/\/bladeblog.klinges.de\/index.php?rest_route=\/wp\/v2\/posts"}],"about":[{"href":"http:\/\/bladeblog.klinges.de\/index.php?rest_route=\/wp\/v2\/types\/post"}],"author":[{"embeddable":true,"href":"http:\/\/bladeblog.klinges.de\/index.php?rest_route=\/wp\/v2\/users\/1"}],"replies":[{"embeddable":true,"href":"http:\/\/bladeblog.klinges.de\/index.php?rest_route=%2Fwp%2Fv2%2Fcomments&post=280"}],"version-history":[{"count":2,"href":"http:\/\/bladeblog.klinges.de\/index.php?rest_route=\/wp\/v2\/posts\/280\/revisions"}],"predecessor-version":[{"id":283,"href":"http:\/\/bladeblog.klinges.de\/index.php?rest_route=\/wp\/v2\/posts\/280\/revisions\/283"}],"wp:featuredmedia":[{"embeddable":true,"href":"http:\/\/bladeblog.klinges.de\/index.php?rest_route=\/wp\/v2\/media\/282"}],"wp:attachment":[{"href":"http:\/\/bladeblog.klinges.de\/index.php?rest_route=%2Fwp%2Fv2%2Fmedia&parent=280"}],"wp:term":[{"taxonomy":"category","embeddable":true,"href":"http:\/\/bladeblog.klinges.de\/index.php?rest_route=%2Fwp%2Fv2%2Fcategories&post=280"},{"taxonomy":"post_tag","embeddable":true,"href":"http:\/\/bladeblog.klinges.de\/index.php?rest_route=%2Fwp%2Fv2%2Ftags&post=280"}],"curies":[{"name":"wp","href":"https:\/\/api.w.org\/{rel}","templated":true}]}}