{"id":16,"date":"2015-01-15T19:56:36","date_gmt":"2015-01-15T19:56:36","guid":{"rendered":"http:\/\/bladeblog.klinges.de\/?p=16"},"modified":"2016-09-18T15:08:35","modified_gmt":"2016-09-18T13:08:35","slug":"test1","status":"publish","type":"post","link":"http:\/\/bladeblog.klinges.de\/?p=16","title":{"rendered":"SID 2015"},"content":{"rendered":"<p>Der Safer Internet Day am Grabbe-Gymnasium wird auch in diesem Jahr wieder mit Workshops f\u00fcr die f\u00fcnften bis siebten Klassen gestaltet. Die Idee, meine Oberstufenkurse diese Workshops mit den &#8222;Kleinen&#8220; durchf\u00fchren zu lassen, hat sich eigentlich bew\u00e4hrt. Anfangs habe ich meine Informatikkurse die Inhalte auch noch in weiten Teilen selbst erstellen lassen. Das war allerdings nicht ganz so fruchtbar, so dass ich mit meiner Kollegin dazu \u00fcbergegangen bin, die Planung inhaltlich zu strukturieren und das Material auszuw\u00e4hlen. Die Oberstufensch\u00fcler f\u00fchren dann diese Workshops mit den Materialien durch. Sie leiten die kleinen Sch\u00fcler an, beraten, helfen und beantworten viele Fragen w\u00e4hrend der Workshops.<\/p>\n<p>In diesem Jahr versuche ich erstmals die Ergebnisse der Workshops in einem Blog festzuhalten. Sch\u00f6n w\u00e4re es, wenn mir das auch zeitnah, also nach M\u00f6glichkeit schon w\u00e4hrend der Workshops gelingen w\u00fcrde. Das ist bei unsere medialen Infrastruktur in der Schule eine echte Herausforderung&#8230;Ich liebe Herausforderungen!<\/p>\n<p>08.02.2015 \u00a0 \u00a0 \u00a0So, nun gehen die Vorbereitungen in die hei\u00dfe Phase. Material ist soweit fertig, jetzt muss die Technik noch funktionieren, dann laufen die Workshops ab Dienstag und ein paar mehr Kinder\/Jugendliche befassen sich intensiver mit dem Ding, welches sie eh t\u00e4glich nutzen. W\u00fcnsche mir, dass viel h\u00e4ngen bleibt, wie n\u00fctzlich das Netz sein kann, wenn man es richtig nutzt.<\/p>\n<p>Bericht von den Workshops folgt, hier noch Details dazu im Wiki&#8230; www.pauker-klinge.de<\/p>\n<p>&nbsp;<\/p>\n<p>&nbsp;<\/p>\n\n<div class=\"twitter-share\"><a href=\"https:\/\/twitter.com\/intent\/tweet\" class=\"twitter-share-button\">Twittern<\/a><\/div>\n","protected":false},"excerpt":{"rendered":"<p>Der Safer Internet Day am Grabbe-Gymnasium wird auch in diesem Jahr wieder mit Workshops f\u00fcr die f\u00fcnften bis siebten Klassen gestaltet. Die Idee, meine Oberstufenkurse diese Workshops mit den &#8222;Kleinen&#8220; durchf\u00fchren zu lassen, hat sich eigentlich bew\u00e4hrt. Anfangs habe ich meine Informatikkurse die Inhalte auch noch in weiten Teilen selbst erstellen lassen. Das war allerdings &hellip; <a href=\"http:\/\/bladeblog.klinges.de\/?p=16\" class=\"more-link\"><span class=\"screen-reader-text\">SID 2015<\/span> weiterlesen<\/a><\/p>\n","protected":false},"author":1,"featured_media":0,"comment_status":"open","ping_status":"open","sticky":false,"template":"","format":"standard","meta":{"footnotes":""},"categories":[3,2],"tags":[],"_links":{"self":[{"href":"http:\/\/bladeblog.klinges.de\/index.php?rest_route=\/wp\/v2\/posts\/16"}],"collection":[{"href":"http:\/\/bladeblog.klinges.de\/index.php?rest_route=\/wp\/v2\/posts"}],"about":[{"href":"http:\/\/bladeblog.klinges.de\/index.php?rest_route=\/wp\/v2\/types\/post"}],"author":[{"embeddable":true,"href":"http:\/\/bladeblog.klinges.de\/index.php?rest_route=\/wp\/v2\/users\/1"}],"replies":[{"embeddable":true,"href":"http:\/\/bladeblog.klinges.de\/index.php?rest_route=%2Fwp%2Fv2%2Fcomments&post=16"}],"version-history":[{"count":7,"href":"http:\/\/bladeblog.klinges.de\/index.php?rest_route=\/wp\/v2\/posts\/16\/revisions"}],"predecessor-version":[{"id":94,"href":"http:\/\/bladeblog.klinges.de\/index.php?rest_route=\/wp\/v2\/posts\/16\/revisions\/94"}],"wp:attachment":[{"href":"http:\/\/bladeblog.klinges.de\/index.php?rest_route=%2Fwp%2Fv2%2Fmedia&parent=16"}],"wp:term":[{"taxonomy":"category","embeddable":true,"href":"http:\/\/bladeblog.klinges.de\/index.php?rest_route=%2Fwp%2Fv2%2Fcategories&post=16"},{"taxonomy":"post_tag","embeddable":true,"href":"http:\/\/bladeblog.klinges.de\/index.php?rest_route=%2Fwp%2Fv2%2Ftags&post=16"}],"curies":[{"name":"wp","href":"https:\/\/api.w.org\/{rel}","templated":true}]}}